{"id":6822,"date":"2020-10-05T23:57:33","date_gmt":"2020-10-05T23:57:33","guid":{"rendered":"http:\/\/zakarybelamy.com\/img\/?p=6822"},"modified":"2020-09-27T19:53:39","modified_gmt":"2020-09-27T19:53:39","slug":"rencontre-taize-2","status":"publish","type":"post","link":"https:\/\/zakarybelamy.com\/img\/2020\/10\/05\/rencontre-taize-2\/","title":{"rendered":"Rencontre Taiz\u00e9"},"content":{"rendered":"<p>Trouver un nouvel \u00e9lan de solidarit\u00e9 en Europe. Dates : Les rencontres europ\u00e9ennes de Taiz\u00e9 sont un \u00e9v\u00e9nement annuel organis\u00e9 par la. Elles regroupent plusieurs dizaines de milliers de jeunes dans une ville dEurope diff\u00e9rente chaque ann\u00e9e \u00e0 loccasion du. Publi\u00e9 dans Le P\u00e8lerin 6838-6839, du 19-26 d\u00e9cembre 2013-Mis \u00e0 jour le 28 f\u00e9vrier 2019 Vous naccepterez plus de concessions, plus darrangements, plus de compromis mais vous nobtiendrez rien de bon en brusquant la situation ou les personnes. Vous serez nerveux et oblig\u00e9 de clarifier votre position avec des proches ou des relations. Votre environnement supportera mal vos changements demploi du temps. Il faudra envisager une discussion s\u00e9rieuse, juste histoire d\u00e9viter des embrouilles lourdes de cons\u00e9quences. Vous arriverez a? un stade ou? vous saurez exactement ce que vous voulez. Vous ferez preuve dun charisme puissant. Rencontre de Jeunes musulmans et Chr\u00e9tiens avec la communaut\u00e9 de Taiz\u00e9 Le monast\u00e8re oecum\u00e9nique de Taiz\u00e9, pr\u00e8s de Cluny Sa\u00f4ne-et-Loire, accueille chaque ann\u00e9e des dizaines de milliers de jeunes de toutes les confessions, le plus souvent pour quelques jours ou une semaine. <img decoding=\"async\" src=\"http:\/\/www.iittalasoutlet.tk\/sites\/default\/files\/licence-communication-tours.jpg\" alt=\"rencontre taiz\u00e9\" align=\"right\"> Europa jede s Jahr zu den Jugendtreffen nach Taiz\u00e9 pi lger n li ess. La prochaine rencontre europ\u00e9enne de Taiz\u00e9 aura lieu \u00e0 Turin A ce titre, le GAIC avait \u00e9t\u00e9 invit\u00e9 \u00e0 d\u00e9l\u00e9guer quelques-uns des siens pour t\u00e9moigner de lamiti\u00e9 entre chr\u00e9tiens et musulmans telle que nous la vivons dans notre association, au cours de deux ateliers. Comme dhabitude \u00e0 Taiz\u00e9, langlais a permis \u00e0 ces jeunes venus surtout dEurope mais aussi dautres pays nous avons not\u00e9 la pr\u00e9sence de jeunes libanais-dont 2 musulmans-et de jeunes coptes d\u00e9changer \u00e0 partir de leur exp\u00e9rience et de leur foi. Heureusement, lors de nos interventions, nous avons trouv\u00e9 en fr\u00e8re Jean-Marie et fr\u00e8re Emile des interpr\u00e8tes tr\u00e8s fid\u00e8les. Mais il y avait aussi quelque 500 jeunes fran\u00e7ais, un contingent pour une fois particuli\u00e8rement \u00e9lev\u00e9. Comment vous est venu lid\u00e9e daller \u00e0 Taiz\u00e9? demande Margot \u00e0 Dann. Jai trouv\u00e9 sur internet un groupe dallemands qui allait \u00e0 Taiz\u00e9 et nous nous sommes d\u00e9cid\u00e9s \u00e0 partir ensemble en car. Aussi, le pr\u00eatre de ma paroisse me proposait de d\u00e9couvrir quelque chose de nouveau. Ce nest pas \u00e7a que jattendais au d\u00e9but, les pri\u00e8res, les moments de silence. Mais finalement jai commenc\u00e9 \u00e0 aimer. Michel Castaing, Cent mille jeunes chr\u00e9tiens participent \u00e0 la dix-septi\u00e8me rencontre europ\u00e9enne de Taiz\u00e9, 28 d\u00e9cembre 1994  <img decoding=\"async\" src=\"http:\/\/img.aws.la-croix.com\/2015\/12\/30\/1200728379\/Frere-Alois-prieur-communaute-Taize-temoigne-Valence-Espagne-lors-Rencontre-europeenne-jeunes-deux-semaines-passe-Liban-Syrie_0_730_485.jpg\" alt=\"rencontre taiz\u00e9\" align=\"left\">  <img decoding=\"async\" src=\"http:\/\/img.over-blog-kiwi.com\/1\/09\/13\/03\/20160105\/ob_501be5_choeur-taize-354364.jpg\" alt=\"rencontre taiz\u00e9\" align=\"center\">  Le programme tient en peu de choses : rencontres, conf\u00e9rences et moments de convivialit\u00e9, rythm\u00e9s par trois pri\u00e8res quotidiennes. Beaucoup de jeunes disent retrouver l\u00e0 lessentiel. Comment accueillir 15 000 jeunes venus de lEurope enti\u00e8re dans de bonnes conditions? La r\u00e9ponse est simple: une bonne dose de pr\u00e9paration, un grand bol de motivation, et quelques volontaires. Ces derniers sont arriv\u00e9s quelques jours avant les p\u00e8lerins venus assister aux Rencontres Europ\u00e9ennes de Taiz\u00e9, \u00e0 B\u00e2le, en Suisse. Une population qui se met en route \u00e0 Gen\u00e8ve, sur Vaud, en Le r\u00e9veil des jeunes chr\u00e9tiens de lEst, 4 janvier 1990 le mardi 1er octobre 2019 \u00e0 20h30 au Temple protestant Pri\u00e8re pour la sauvegarde de la Cr\u00e9ation La proc\u00e9dure pour demander un R\u00e9f\u00e9rendum dInitiative Partag\u00e9e RIP sur lavenir dADP a \u00e9t\u00e9 gagn\u00e9e, cest la premi\u00e8re \u00e9tape dun processus complexe et cest une premi\u00e8re en France!<\/p>\n","protected":false},"excerpt":{"rendered":"<p>rencontre taiz\u00e9<\/p>\n","protected":false},"author":1,"featured_media":0,"comment_status":"closed","ping_status":"closed","sticky":false,"template":"","format":"standard","meta":{"footnotes":""},"categories":[1],"tags":[],"_links":{"self":[{"href":"https:\/\/zakarybelamy.com\/img\/wp-json\/wp\/v2\/posts\/6822"}],"collection":[{"href":"https:\/\/zakarybelamy.com\/img\/wp-json\/wp\/v2\/posts"}],"about":[{"href":"https:\/\/zakarybelamy.com\/img\/wp-json\/wp\/v2\/types\/post"}],"author":[{"embeddable":true,"href":"https:\/\/zakarybelamy.com\/img\/wp-json\/wp\/v2\/users\/1"}],"replies":[{"embeddable":true,"href":"https:\/\/zakarybelamy.com\/img\/wp-json\/wp\/v2\/comments?post=6822"}],"version-history":[{"count":1,"href":"https:\/\/zakarybelamy.com\/img\/wp-json\/wp\/v2\/posts\/6822\/revisions"}],"predecessor-version":[{"id":6823,"href":"https:\/\/zakarybelamy.com\/img\/wp-json\/wp\/v2\/posts\/6822\/revisions\/6823"}],"wp:attachment":[{"href":"https:\/\/zakarybelamy.com\/img\/wp-json\/wp\/v2\/media?parent=6822"}],"wp:term":[{"taxonomy":"category","embeddable":true,"href":"https:\/\/zakarybelamy.com\/img\/wp-json\/wp\/v2\/categories?post=6822"},{"taxonomy":"post_tag","embeddable":true,"href":"https:\/\/zakarybelamy.com\/img\/wp-json\/wp\/v2\/tags?post=6822"}],"curies":[{"name":"wp","href":"https:\/\/api.w.org\/{rel}","templated":true}]}}