{"id":7528,"date":"2020-10-06T20:33:37","date_gmt":"2020-10-06T20:33:37","guid":{"rendered":"http:\/\/zakarybelamy.com\/img\/?p=7528"},"modified":"2020-09-29T00:21:44","modified_gmt":"2020-09-29T00:21:44","slug":"rencontre-partenaires-education-2","status":"publish","type":"post","link":"https:\/\/zakarybelamy.com\/img\/2020\/10\/06\/rencontre-partenaires-education-2\/","title":{"rendered":"Rencontre Partenaires \u00c9ducation"},"content":{"rendered":"<p>Une stabilit\u00e9 budg\u00e9taire pour lallocation de base et une allocation suppl\u00e9mentaire flexible distribu\u00e9e en fonction des besoins; l\u00c9tat recueille-t-il r\u00e9guli\u00e8rement lopinion des parents? <img decoding=\"async\" src=\"http:\/\/graine-auvergne-rhone-alpes.org\/images\/stories\/Une-Flyer.jpg\" alt=\"rencontre partenaires \u00e9ducation\" align=\"left\">  Le programme sera all\u00e9g\u00e9 afin doptimiser le temps des diff\u00e9rentes rencontres et du networking. L EAC dans la conduite p\u00e9dagogique de l EPLE : culture humaniste, culture scientifique et technique, contribution aux enseignements, au socle commun, \u00e0 la r\u00e9forme du coll\u00e8ge, \u00e0 laccompagnement de lenseignement professionnel. Nous utilisons des cookies et autres technologies similaires. 2013 :1er Forum : La Rencontre francophone des acteurs de lAn\u00e9, des partenaires et auteurs dEducavox, des auteurs dEducavox : Education r\u00e9elle, Gestion de lemploi du temps Saisir ses indisponibilit\u00e9s et ses desiderata pour les rencontres parents-professeurs Espace Parents 0 minutes 33 des activit\u00e9s de coop\u00e9ration entre les autorit\u00e9s r\u00e9gionales afin de promouvoir le d\u00e9veloppement des syst\u00e8mes d\u00e9ducation, de formation et de jeunesse ainsi que leur int\u00e9gration dans les actions de d\u00e9veloppement local et r\u00e9gional; <img decoding=\"async\" src=\"http:\/\/mediamed.mmsh.univ-aix.fr\/chaines\/PublishingImages\/Education-diversite-partenaires.PNG\" alt=\"rencontre partenaires \u00e9ducation\" align=\"center\"> Par ailleurs, les recherches qui ont port\u00e9 sur les effets de lint\u00e9gration scolaire sur les autres \u00e9l\u00e8ves de la classe r\u00e9v\u00e8lent quen g\u00e9n\u00e9ral les regroupements h\u00e9t\u00e9rog\u00e8nes d\u00e9l\u00e8ves naffectent pas la progression des \u00e9l\u00e8ves plus performants sur le plan scolaire, mais ils exercent une influence positive sur les \u00e9l\u00e8ves les plus faibles Conseil sup\u00e9rieur de l\u00e9ducation, 2007. Plus encore, globalement, les \u00e9valuations montrent que le rendement scolaire et le comportement adaptatif des \u00e9l\u00e8ves accueillis dans des programmes inclusifs sont meilleurs que ceux des \u00e9l\u00e8ves plac\u00e9s dans des milieux s\u00e9par\u00e9s Bennett, 2009. En outre, les \u00e9coles qui adoptent les principes de l\u00e9ducation inclusive observent, chez lensemble des \u00e9l\u00e8ves, une plus grande ouverture \u00e0 la diversit\u00e9, une meilleure acceptation des diff\u00e9rences, une am\u00e9lioration du climat de la classe et des comportements des \u00e9l\u00e8ves ainsi quune diminution de lintimidation et du taxage Ducharme, 2008; Bennett, 2009. Dautres recherches montrent, chez les enseignants qui travaillent en contexte dinclusion scolaire, une hausse des habilet\u00e9s r\u00e9flexives, une fiert\u00e9 et une satisfaction personnelle ainsi quune augmentation du sentiment de comp\u00e9tence et de confiance Rousseau, 2007. Afin d\u00e9viter les regroupements de personnes, il est recommand\u00e9 de limiter les visites en mairie, en vous informant notamment par t\u00e9l\u00e9phone ou sur le site internet de la Ville. Informations et Organisateur : SEFor Sant\u00e9 Education Formation  <img decoding=\"async\" src=\"http:\/\/www.education.gov.dz\/wp-content\/uploads\/2018\/02\/rencontre-13.02.2018.jpg\" alt=\"rencontre partenaires \u00e9ducation\" align=\"center\"> Plus de 1 000 entreprises proposent chaque ann\u00e9e plus de 7 500 stages aux \u00e9l\u00e8ves-ing\u00e9nieurs dEfrei Paris. Parmi elles, 150 font partie de notre r\u00e9seau dentreprises partenaires actives et 90 font partie de l Universum TOP 100, les entreprises pr\u00e9f\u00e9r\u00e9es des jeunes dipl\u00f4m\u00e9s.  On a plut\u00f4t besoin de strat\u00e9gies pour canaliser notre sagesse collective et apprendre en unissant diff\u00e9rents milieux et disciplines. La collaboration entre le secteur priv\u00e9, le grand public et les chercheurs est essentielle. Revue francophone de didactique des sciences et des technologies Cette m\u00e9thode a fait ses preuves depuis 20 ans : bienvenue dans un monde o\u00f9 lon apprend diff\u00e9remment! Avec la participation de Audrey CHAPOT, Anthropologue hybride chez Audrey Chapot et Jean-Pierre CORNIOU Directeur G\u00e9n\u00e9ral Adjoint de SIA Conseil Adresse : 10, chemin de la Roche Montigny-44000 Nantes Des visites dentreprises, des conf\u00e9rences, des projets d\u00e9tudes. Lieu des Rencontres : INSPE, 57 avenue de Montjoux, 25000 Besan\u00e7on Retrouvez linterview de Lyda Villamarin, Directrice de Programme chez EF Education First, partenaire des Rencontres Export 75 organis\u00e9es le 19 novembre 2018 \u00e0 la CCI Paris. Redeploying Urban Infrastructure: The Politics Of Urban Socio-Technical Futures LIPI a tiss\u00e9 un r\u00e9seau d\u00e9tablissement s partenaires afin de renforcer les liens d\u00e9changes et exp\u00e9riences entre nos deux \u00e9coles, et les accompagner dans la formation et la certification de former des \u00e9tudiants capables de relever les d\u00e9fis inh\u00e9rents aux nouvelles technologies de linformation. Ce financement ne peut \u00eatre utilis\u00e9 que pour couvrir les co\u00fbts de personnel engag\u00e9s par les organisations participant au projet pour la r\u00e9alisation des productions intellectuelles. Les montants d\u00e9pendent: a du profil du personnel associ\u00e9 au projet et b du pays de lorganisation participante dont le personnel est associ\u00e9. Lobjectif de cette table ronde \u00e9tait de permettre aux partenaires sociaux dapprofondir leurs connaissances en ce qui concerne le dialogue social sectoriel et intersectoriel national et europ\u00e9en, notamment les initiatives de la Commission europ\u00e9enne visant \u00e0 relancer le dialogue social, et dencourager les \u00e9changes entre les partenaires sociaux europ\u00e9ens et portugais \u00e0 propos de la situation actuelle de dialogue social au Portugal. Les participantes ont \u00e9galement \u00e9chang\u00e9 des bonnes pratiques et des strat\u00e9gies pour renforcer le soutien apport\u00e9 aux \u00e9ducateurstrices en am\u00e9liorant le statut des enseignantes, des \u00e9ducateurstrices en charge de la formation des enseignantes et celui des \u00e9quipes de direction, au travers dune formation initiale efficace, dun accompagnement des enseignantes en d\u00e9but de carri\u00e8re et du d\u00e9veloppement professionnel tout au long de la carri\u00e8re. Outre la pr\u00e9sentation de lexpert ext\u00e9rieur du projet ICF et des \u00e9tablissements de formation portugais, CEFOSAP et IEFP, les participantes ont eu loccasion den apprendre davantage sur la situation des partenaires finnois de l\u00e9ducation OAJ et AFIEE, lesquels ont fourni des informations constructives pour garantir un dialogue social efficace.<\/p>\n","protected":false},"excerpt":{"rendered":"<p>rencontre partenaires \u00e9ducation<\/p>\n","protected":false},"author":1,"featured_media":0,"comment_status":"closed","ping_status":"closed","sticky":false,"template":"","format":"standard","meta":{"footnotes":""},"categories":[1],"tags":[],"_links":{"self":[{"href":"https:\/\/zakarybelamy.com\/img\/wp-json\/wp\/v2\/posts\/7528"}],"collection":[{"href":"https:\/\/zakarybelamy.com\/img\/wp-json\/wp\/v2\/posts"}],"about":[{"href":"https:\/\/zakarybelamy.com\/img\/wp-json\/wp\/v2\/types\/post"}],"author":[{"embeddable":true,"href":"https:\/\/zakarybelamy.com\/img\/wp-json\/wp\/v2\/users\/1"}],"replies":[{"embeddable":true,"href":"https:\/\/zakarybelamy.com\/img\/wp-json\/wp\/v2\/comments?post=7528"}],"version-history":[{"count":1,"href":"https:\/\/zakarybelamy.com\/img\/wp-json\/wp\/v2\/posts\/7528\/revisions"}],"predecessor-version":[{"id":7529,"href":"https:\/\/zakarybelamy.com\/img\/wp-json\/wp\/v2\/posts\/7528\/revisions\/7529"}],"wp:attachment":[{"href":"https:\/\/zakarybelamy.com\/img\/wp-json\/wp\/v2\/media?parent=7528"}],"wp:term":[{"taxonomy":"category","embeddable":true,"href":"https:\/\/zakarybelamy.com\/img\/wp-json\/wp\/v2\/categories?post=7528"},{"taxonomy":"post_tag","embeddable":true,"href":"https:\/\/zakarybelamy.com\/img\/wp-json\/wp\/v2\/tags?post=7528"}],"curies":[{"name":"wp","href":"https:\/\/api.w.org\/{rel}","templated":true}]}}