{"id":7574,"date":"2020-10-06T15:42:15","date_gmt":"2020-10-06T15:42:15","guid":{"rendered":"http:\/\/zakarybelamy.com\/img\/?p=7574"},"modified":"2020-09-29T02:33:23","modified_gmt":"2020-09-29T02:33:23","slug":"programme-rencontres-de-la-villette-2","status":"publish","type":"post","link":"https:\/\/zakarybelamy.com\/img\/2020\/10\/06\/programme-rencontres-de-la-villette-2\/","title":{"rendered":"Programme Rencontres De La Villette"},"content":{"rendered":"<p>Emmanuel Cortes, responsable du d\u00e9partement de linformation l\u00e9gale \u00e0 la DILA Direction de linformation l\u00e9gale et administrative en charge du programme Beta Legifrance Mod\u00e9ratrice : Caroline Soppelsa Universit\u00e9 de Tours Pour poser les jalons dune pleine r\u00e9ussite professionnelle et artistique, le Conservatoire de Paris dispense un enseignement qui harmonise au mieux savoirs et savoir-faire. Lexp\u00e9rience de la sc\u00e8ne est donc une partie essentielle de son projet p\u00e9dagogique. Nous vous invitons \u00e0 venir voir et entendre nos \u00e9l\u00e8ves, \u00e0 les d\u00e9couvrir tout au long de cette programmation qui rythme la saison annuelle du Conservatoire.   D\u00e9ambulation dans le parc et visite des sites dArcueil ville comestible ; D\u00eener partag\u00e9 au Parc du Coteau avec le collectif Arcueil ville comestible et les habitants. La Transhumance du Grand Paris \u00e0 Ivry Steve Stillman pour Enlarge your Paris Le num\u00e9rique, vous savez que cest incontournable. Mais vous vous sentez perdu face \u00e0 toutes ces innovations technologiques. Le Salon de la Radio marque incontestablement le milieu de la saison radiophonique de belle mani\u00e8re. Durant trois jours, il sagit de c\u00e9l\u00e9brer notre m\u00e9dia et de rassasier les 8 100 visiteurs. Fin janvier 2020, dans cet endroit incroyable quest la Grande Halle de la Villette, class\u00e9e monument historique, se succ\u00e8deront mille et une animations, conf\u00e9rences, rencontres, surprises, ateliers et c\u00e9r\u00e9monies pour c\u00e9l\u00e9brer la radio. Intervenant : Julien Ohayon, Directeur G\u00e9n\u00e9ral Appliwave Nous y partageons notre exp\u00e9rience et celle de nos clients au travers de 7 questions : 18h-21h ATELIER Vous \u00eates passionn\u00e9 par la cr\u00e9ation dactivit\u00e9 dans les m\u00e9tiers de la Mode et du Textile. Vous souhaitez partager et mutualiser vos exp\u00e9riences dans ce domaine avec dautres porteurs de projet? Le club pour propose un rendez-vous mensuel. Des th\u00e9matiques appliqu\u00e9es au domaine pourront \u00eatre abord\u00e9es en fonction de vos attentes. Des scientifiques de lIfremer seront pr\u00e9sents cette ann\u00e9e pour vous faire explorer deux des th\u00e9matiques de recherche de linstitut : lexploration des grands fonds marins et lobservation de loc\u00e9an pour comprendre le climat. RENDEZ-VOUS LE SAMEDI 9 NOVEMBRE 2019 AU NEWCAP EVENT CENTER \u00c0 PARIS! 11h30-12h30 : JIM STARLIN, LE CR\u00c9ATEUR DE LINFINI-Anim\u00e9e par Aur\u00e9lien Vives et Le Commis des comics Panini Comics  Les comp\u00e9tences digitales augmentent le juriste, mais elles ne sont pas suffisantes. Ludovic Courcelas, Responsable strat\u00e9gie gouvernement de ConsenSys, pilote de lObservatoire et du Forum Blockchain de lUE 1 Direction juridique : Obtenez une vue densemble du contenu de vos contrats pour aider \u00e0 la prise de d\u00e9cision. Conf\u00e9rence anim\u00e9e par Armand Jiptner associ\u00e9 chez Bengs, cabinet de conseil en strat\u00e9gie et innovation. Seraphin Legal, le studio Legal Tech qui part du besoin du client afin de construire une r\u00e9ponse technologique compl\u00e8te. La 15\u00e8me \u00e9dition de Jazz \u00e0 la Villette se d\u00e9roule du 29 ao\u00fbt au 10 septembre 2019. Un festival o\u00f9 se c\u00f4toieront les grands compositeurs contemporains et les cr\u00e9ateurs de nouvelles tendances comme lelectro jazz. Au programme : Marcus Miller, Mayra Andrade, Ibeyi, Mos Def, Omara Portuondo.. <img decoding=\"async\" src=\"http:\/\/www.life.alwaysgreatsmile.com\/wp-content\/uploads\/2017\/06\/education-450x300.jpg\" alt=\"programme rencontres de la villette\" align=\"center\"> <img decoding=\"async\" src=\"http:\/\/aws.vdkimg.com\/film\/7\/6\/2\/8\/76287_poster_scale_480x640.jpg\" alt=\"programme rencontres de la villette\" align=\"center\"> Terrain pratique de la carte des Anthropo-c\u00e8nes. Semparer de la cartographie pour la traduire dans son propre imaginaire esth\u00e9tique : les exercices dimaginations, avec Cl\u00e9mence Hall\u00e9, Anne-Sophie Millon et Ewen Chardronnet. LegalPlace a d\u00e9velopp\u00e9 une solution de robotisation des op\u00e9rations et workflows juridiques et RH pour les grands groupes et cabinets davocats. <img decoding=\"async\" src=\"http:\/\/lahm.univ-rennes1.fr\/IMG\/jpg\/Master%202%20Arch%20s%C3%A9m%20M%C3%A9diterran%C3%A9ee%20%2012-13.jpg\" alt=\"programme rencontres de la villette\" align=\"right\">.<\/p>\n","protected":false},"excerpt":{"rendered":"<p>programme rencontres de la villette<\/p>\n","protected":false},"author":1,"featured_media":0,"comment_status":"closed","ping_status":"closed","sticky":false,"template":"","format":"standard","meta":{"footnotes":""},"categories":[1],"tags":[],"_links":{"self":[{"href":"https:\/\/zakarybelamy.com\/img\/wp-json\/wp\/v2\/posts\/7574"}],"collection":[{"href":"https:\/\/zakarybelamy.com\/img\/wp-json\/wp\/v2\/posts"}],"about":[{"href":"https:\/\/zakarybelamy.com\/img\/wp-json\/wp\/v2\/types\/post"}],"author":[{"embeddable":true,"href":"https:\/\/zakarybelamy.com\/img\/wp-json\/wp\/v2\/users\/1"}],"replies":[{"embeddable":true,"href":"https:\/\/zakarybelamy.com\/img\/wp-json\/wp\/v2\/comments?post=7574"}],"version-history":[{"count":1,"href":"https:\/\/zakarybelamy.com\/img\/wp-json\/wp\/v2\/posts\/7574\/revisions"}],"predecessor-version":[{"id":7575,"href":"https:\/\/zakarybelamy.com\/img\/wp-json\/wp\/v2\/posts\/7574\/revisions\/7575"}],"wp:attachment":[{"href":"https:\/\/zakarybelamy.com\/img\/wp-json\/wp\/v2\/media?parent=7574"}],"wp:term":[{"taxonomy":"category","embeddable":true,"href":"https:\/\/zakarybelamy.com\/img\/wp-json\/wp\/v2\/categories?post=7574"},{"taxonomy":"post_tag","embeddable":true,"href":"https:\/\/zakarybelamy.com\/img\/wp-json\/wp\/v2\/tags?post=7574"}],"curies":[{"name":"wp","href":"https:\/\/api.w.org\/{rel}","templated":true}]}}