{"id":763,"date":"2020-09-19T15:30:28","date_gmt":"2020-09-19T15:30:28","guid":{"rendered":"http:\/\/zakarybelamy.com\/img\/?p=763"},"modified":"2020-09-19T05:08:55","modified_gmt":"2020-09-19T05:08:55","slug":"rencontre-nationale-des-directeurs-de-l-innovation-2013","status":"publish","type":"post","link":"https:\/\/zakarybelamy.com\/img\/2020\/09\/19\/rencontre-nationale-des-directeurs-de-l-innovation-2013\/","title":{"rendered":"Rencontre Nationale Des Directeurs De L Innovation 2013"},"content":{"rendered":"<p>Le Comit\u00e9 21 simplique dans la communication et le d\u00e9veloppement durable Voila le probl\u00e8me \u00e0 la question que la prospective peut permettre d\u00e9clairer ; Notre pr\u00e9sident, Thierry du Bou\u00ebtiez, nous fait part de ses engagements pass\u00e9s et futurs, \u00e0 loccasion de son d\u00e9part en retraite du CGET. Responsable du D\u00e9veloppement et des Op\u00e9rations Sp\u00e9ciales: B\u00e9n\u00e9dicte Rouet <img decoding=\"async\" src=\"http:\/\/www.rencontrescapitales.com\/wp-content\/uploads\/bfi_thumb\/dummy-transparent-nqozk7ni5l67ob61lc998p1tayukg3384b5ptqdils.png\" alt=\"rencontre nationale des directeurs de l innovation 2013\" align=\"left\"> Contribuez au rapport Appropriation des ODD par les acteurs fran\u00e7ais! Le jeudi 31 mars 2016 \u00e0 la Maison r\u00e9gionale de lInnovation \u00e0 Dijon, 64 A rue Sully, 21000 Dijon lespace pour que chacun explique sa posture dans un cadre d\u00e9fini exemple <img decoding=\"async\" src=\"http:\/\/www.craif.org\/uploads\/_craif\/ani_fichiers\/affiche_burns_supper.jpg\" alt=\"rencontre nationale des directeurs de l innovation 2013\" align=\"center\"> Du 30 ao\u00fbt au 2 septembre, Peuple et Culture organise sa 50\u00e8me universit\u00e9 sur le th\u00e8me : A la recherche de lint\u00e9r\u00eat g\u00e9n\u00e9ral. Ouvert \u00e0 tous, ce temps de rencontre est une occasion de reposer le projet politique de l\u00e9ducation populaire..  L\u00e9ducation non formelle, tremplin pour lemploi des jeunes femmes  Pierre Alexandre, Architecte des B\u00e2timents de France, Chef du Service Territorial de lArchitecture et du Patrimoine du Finist\u00e8re  Ce qui ne va pas cest lorganisation! On va vous changer lorganisation et ils vont vous changer lorganisation. <img decoding=\"async\" src=\"http:\/\/www.eie.gr\/nhrf\/news\/2014\/12_09_2014_REN-Athens2014_pre-eventNHRF_invitation.jpg\" alt=\"rencontre nationale des directeurs de l innovation 2013\" align=\"left\"> Nous utilisons des cookies pour vous garantir la meilleure exp\u00e9rience sur notre site. Si vous continuez \u00e0 utiliser ce dernier, nous consid\u00e9rerons que vous acceptez lutilisation des cookies. Marie-Georges Fayn, Fran\u00e7ois-Xavier Schaeffer, Samira Bekhti cr\u00e9atrice et r\u00e9alisatrice qui est honor\u00e9e par le prix Herm\u00e8s de linnovation. Le Comit\u00e9 21 organise, les 7 et 8 novembre prochains, la premi\u00e8re \u00e9tape du Tour de France des Objectifs de D\u00e9veloppement Durable. Retrouvez la vid\u00e9o de notre d\u00e9bat et la Note 21 Nouvelles r\u00e9gions et d\u00e9veloppement durable, quelle alliance? \u03ba\u03b1\u03bb\u03b1\u03b8\u03b9\u03b1 \u03b4\u03c9\u03c1\u03c9\u03bd \u03bc\u03b5 \u03c0\u03b1\u03c1\u03b1\u03b4\u03bf\u03c3\u03b9\u03b1\u03ba\u03b1 \u03c0\u03c1\u03bf\u03b9\u03bf\u03bd\u03c4\u03b1 \u0395\u0399\u03a3\u039f\u0394\u039f\u03a3 \u03a3\u03a4\u039f \u039b\u039f\u0393\u0391\u03a1\u0399\u0391\u03a3\u039c\u039f \u03a3\u0391\u03a3 Pour une analyse de ces politiques de concertation au niveau europ\u00e9en dans le cadre de la politique des M\u00e9dias, Europe cr\u00e9ative, et la politique europ\u00e9enne en mati\u00e8re dinnovation, voir : Violaine Hacker, The EU media policy and the EU2020 Strategy: New roles and actions for players of the Creative Europe, European Union at the crossroads: The European perspectives after the global crisis, Attila \u00c1gh ed, Budapest College of Communication, Business and Arts 2011,, p 123-152. Le 26 septembre 2019, \u00e0 19h, \u00e0 la mairie de Valdoie Campus responsables, 19 campus sengagent pour le climat 28 novembre : journ\u00e9e exceptionnelle sur Culture et d\u00e9veloppement durable de lAssociation Serge Antoine Actu-environnement : interview-vid\u00e9o dElsa Charon Notre guide permet aux collectivit\u00e9s de d\u00e9cliner les ODD dans leurs territoires 30102019 : Retour sur la visite apprenante Joint Ventures Sociales ont \u00e9t\u00e9 divis\u00e9s en 4 groupes parall\u00e8les pour 2 th\u00e9matiques de r\u00e9flexion :.<\/p>\n","protected":false},"excerpt":{"rendered":"<p>rencontre nationale des directeurs de l innovation 2013<\/p>\n","protected":false},"author":1,"featured_media":0,"comment_status":"closed","ping_status":"closed","sticky":false,"template":"","format":"standard","meta":{"footnotes":""},"categories":[1],"tags":[],"_links":{"self":[{"href":"https:\/\/zakarybelamy.com\/img\/wp-json\/wp\/v2\/posts\/763"}],"collection":[{"href":"https:\/\/zakarybelamy.com\/img\/wp-json\/wp\/v2\/posts"}],"about":[{"href":"https:\/\/zakarybelamy.com\/img\/wp-json\/wp\/v2\/types\/post"}],"author":[{"embeddable":true,"href":"https:\/\/zakarybelamy.com\/img\/wp-json\/wp\/v2\/users\/1"}],"replies":[{"embeddable":true,"href":"https:\/\/zakarybelamy.com\/img\/wp-json\/wp\/v2\/comments?post=763"}],"version-history":[{"count":1,"href":"https:\/\/zakarybelamy.com\/img\/wp-json\/wp\/v2\/posts\/763\/revisions"}],"predecessor-version":[{"id":764,"href":"https:\/\/zakarybelamy.com\/img\/wp-json\/wp\/v2\/posts\/763\/revisions\/764"}],"wp:attachment":[{"href":"https:\/\/zakarybelamy.com\/img\/wp-json\/wp\/v2\/media?parent=763"}],"wp:term":[{"taxonomy":"category","embeddable":true,"href":"https:\/\/zakarybelamy.com\/img\/wp-json\/wp\/v2\/categories?post=763"},{"taxonomy":"post_tag","embeddable":true,"href":"https:\/\/zakarybelamy.com\/img\/wp-json\/wp\/v2\/tags?post=763"}],"curies":[{"name":"wp","href":"https:\/\/api.w.org\/{rel}","templated":true}]}}