{"id":765,"date":"2020-09-19T11:37:08","date_gmt":"2020-09-19T11:37:08","guid":{"rendered":"http:\/\/zakarybelamy.com\/img\/?p=765"},"modified":"2020-09-19T05:12:09","modified_gmt":"2020-09-19T05:12:09","slug":"rencontres-malentendants","status":"publish","type":"post","link":"https:\/\/zakarybelamy.com\/img\/2020\/09\/19\/rencontres-malentendants\/","title":{"rendered":"Rencontres Malentendants"},"content":{"rendered":"<p>D\u00e9lires dencre cest aussi toute lann\u00e9e lorganisation et la participation \u00e0 de nombreux \u00e9v\u00e9nements : Festival Terres dailleurs au Mus\u00e9um de Toulouse, cycle dateliers et de rencontre auteurs avec la M\u00e9diath\u00e8que D\u00e9partementale, Circuit des Sciences, Parlons Sant\u00e9, D\u00e9fis Solaires \u00e0 la Cit\u00e9 de lespace, La F\u00eate de la Science.. Je suis sourd malentendant en retraite je poss\u00e8de pas de permis seulement la mobylette Je suis je suis comme je suis barbue Nouveau : tout visiteur doit \u00eatre muni dun billet pour entrer au Salon, y compris les enfants Abonnez-vous et acc\u00e9dez \u00e0 plus de 20 ans darchives! <img decoding=\"async\" src=\"http:\/\/www.ffsb.be\/wp-content\/uploads\/2017\/10\/Annonces-Turquoises.png\" alt=\"rencontres malentendants\" align=\"right\">  Des valeurs qui ont conduit \u00e0 des rencontres avec des malentendants et \u00e0 une prise de contact pour d\u00e9velopper le m\u00eame genre de s\u00e9ances avec des handicap\u00e9s en fauteuil. <img decoding=\"async\" src=\"http:\/\/www.tanamako.fr\/annonces\/adpics\/5a5457cceca43d27d2000e3f9.jpg\" alt=\"rencontres malentendants\" align=\"right\"> Kauffmann, I 2004. Musique et danse hip-hop, des liens \u00e9troits \u00e0 l\u00e9preuve de la professionnalisation. Volume, 32, 73-91. Pierre 45 ans : Je ne sais plus que dire sinon que jai honte de ne pas avoir port\u00e9 plus dattention aux personnes handicap\u00e9es que je croise, je ne me rendais pas compte, cest un vrai bouleversement Merci \u00e0 la Mutualit\u00e9 de nous avoir fait d\u00e9couvrir un monde m\u00e9connu. Les aides de lAgefiph pou linsertion en milieu ordinaire de travail, VOST, ainsi que des rencontres-d\u00e9bats avec interpr\u00e8tes en Langue Suivez le TMNlab sur LinkedIn et connectez-vous \u00e0 ses membres. Une famille jurassienne en a fait la douloureuse exp\u00e9rience. A Bonlieu, non loin de Lons-le-Saunier, chez Sandra Verjus, les dossiers m\u00e9dicaux et les courriers saccumulent. Apr\u00e8s plusieurs mois daventure et 106 inscriptions, nous avons d\u00e9cid\u00e9 avec regrets de fermer notre site.  The website encountered an unexpected error. Please try again later. Conseil G\u00e9n\u00e9ral des Hauts-de-SeineMembre de la FNASEPH <img decoding=\"async\" src=\"http:\/\/img.src.ca\/2014\/09\/29\/635x357\/140929_sa89n_mlarge_vero_poulain_sn635.jpg\" alt=\"rencontres malentendants\" align=\"center\"> Formation : AMFPC MFPC ECEV modulaire 1-A pr\u00e9ciser Soutien \u00e0 la cr\u00e9ation et au d\u00e9veloppement des entreprises .<\/p>\n","protected":false},"excerpt":{"rendered":"<p>rencontres malentendants<\/p>\n","protected":false},"author":1,"featured_media":0,"comment_status":"closed","ping_status":"closed","sticky":false,"template":"","format":"standard","meta":{"footnotes":""},"categories":[1],"tags":[],"_links":{"self":[{"href":"https:\/\/zakarybelamy.com\/img\/wp-json\/wp\/v2\/posts\/765"}],"collection":[{"href":"https:\/\/zakarybelamy.com\/img\/wp-json\/wp\/v2\/posts"}],"about":[{"href":"https:\/\/zakarybelamy.com\/img\/wp-json\/wp\/v2\/types\/post"}],"author":[{"embeddable":true,"href":"https:\/\/zakarybelamy.com\/img\/wp-json\/wp\/v2\/users\/1"}],"replies":[{"embeddable":true,"href":"https:\/\/zakarybelamy.com\/img\/wp-json\/wp\/v2\/comments?post=765"}],"version-history":[{"count":1,"href":"https:\/\/zakarybelamy.com\/img\/wp-json\/wp\/v2\/posts\/765\/revisions"}],"predecessor-version":[{"id":766,"href":"https:\/\/zakarybelamy.com\/img\/wp-json\/wp\/v2\/posts\/765\/revisions\/766"}],"wp:attachment":[{"href":"https:\/\/zakarybelamy.com\/img\/wp-json\/wp\/v2\/media?parent=765"}],"wp:term":[{"taxonomy":"category","embeddable":true,"href":"https:\/\/zakarybelamy.com\/img\/wp-json\/wp\/v2\/categories?post=765"},{"taxonomy":"post_tag","embeddable":true,"href":"https:\/\/zakarybelamy.com\/img\/wp-json\/wp\/v2\/tags?post=765"}],"curies":[{"name":"wp","href":"https:\/\/api.w.org\/{rel}","templated":true}]}}