{"id":9225,"date":"2020-10-11T03:08:08","date_gmt":"2020-10-11T03:08:08","guid":{"rendered":"http:\/\/zakarybelamy.com\/img\/?p=9225"},"modified":"2020-10-02T18:16:29","modified_gmt":"2020-10-02T18:16:29","slug":"rencontres-education-therapeutique","status":"publish","type":"post","link":"https:\/\/zakarybelamy.com\/img\/2020\/10\/11\/rencontres-education-therapeutique\/","title":{"rendered":"Rencontres Education Therapeutique"},"content":{"rendered":"<p>L\u00e9ducation th\u00e9rapeutique du patient cest quoi? D\u00e9velopper des solutions innovantes pour identifier etou r\u00e9pondre aux points de ruptures du parcours de sant\u00e9 des patients? 1\u00e8re rencontre dEducation Th\u00e9rapeutique du Patient ETP en Neurologie EDUNEUROL Les s\u00e9ances d\u00e9ducation et le suivi m\u00e9dical sont loccasion de sassurer dune bonne adh\u00e9sion et ma\u00eetrise du traitement, dobtenir une bonne ma\u00eetrise de lenvironnement par le patient asthmatique et de lencourager \u00e0 cesser de fumer et \u00e0 maintenir une activit\u00e9 physique. Au cours des deux premi\u00e8res semaines de juin, un lieu culturel La <img decoding=\"async\" src=\"http:\/\/ipcem.org\/img\/journees\/affiches\/vign2008.jpg\" alt=\"rencontres education therapeutique\" align=\"center\"> Lid\u00e9e de mettre en place un programme dETP pour une maladie chronique au sein dun service peut \u00eatre donn\u00e9e par les soignants de cette \u00e9quipe, par les institutions ou bien par une association de patients. La soci\u00e9t\u00e9 a \u00e9t\u00e9 cr\u00e9\u00e9e en par trois ex-employ\u00e9s de lentreprise :, et. La plateforme devait \u00eatre \u00e0 lorigine un reposant sur lutilisation de vid\u00e9os, mais les cr\u00e9ateurs ont renonc\u00e9 \u00e0 cette id\u00e9e quelques jours apr\u00e8s son lancement public. La premi\u00e8re vid\u00e9o de YouTube est dailleurs celle de Jawed Karim o\u00f9 il commente sa visite au, la vid\u00e9o a \u00e9t\u00e9 mise en ligne le \u00e0 20 h 27. Lors de ces ateliers, les participants \u00e9changent sur leur v\u00e9cu, leurs souvenirs, leurs craintes et leurs espoirs. Ils partagent \u00e9galement leurs strat\u00e9gies au quotidien pour mieux vivre avec la maladie, construisent de nouvelles r\u00e9ponses et se soutiennent mutuellement \u00e0 travers des travaux en sous-groupes, des mises en situation, des exercices, etc. <img decoding=\"async\" src=\"http:\/\/www.centre-eugene-marquis.fr\/wp-content\/uploads\/2018\/07\/8-e1532957578995.jpg\" alt=\"rencontres education therapeutique\" align=\"center\">  La premi\u00e8re rencontre ou diagnostic \u00e9ducatif est indispensable. Cest un moment pour faire connaissance avec vous, pour identifier vos besoins et vos attentes. Ensuite les objectifs seront fix\u00e9s conjointement avec vous comp\u00e9tences \u00e0 acqu\u00e9rir ou \u00e0 mobiliser. Les ateliers collectifs etou les s\u00e9ances individuelles seront planifi\u00e9s avec vous, adapt\u00e9s \u00e0 votre parcours de soins. Cet entretien dure en g\u00e9n\u00e9ral 45 \u00e0 60 minutes environ et se r\u00e9alise de mani\u00e8re individuelle. Un proche peut vous accompagner. Vous pouvez prendre rdv aupr\u00e8s du secr\u00e9tariat au 01.81.80.25.55 ou directement en ligne :. Inscrits au coeur du Projet r\u00e9gional de sant\u00e9 de lARS \u00cele-de-France 2013-2017, les programmes d\u00c9ducation th\u00e9rapeutique du patient ETP, compl\u00e9mentaires \u00e0 la prise en charge m\u00e9dicale, am\u00e9liorent significativement la qualit\u00e9 de vie des personnes atteintes de maladies chroniques diab\u00e8te, cancer, ob\u00e9sit\u00e9, sida.. Cest la raison pour laquelle, lARS a particip\u00e9, d\u00e8s 2012, \u00e0 la cr\u00e9ation dun p\u00f4le r\u00e9gional de ressources en \u00e9ducation th\u00e9rapeutique du patient. <img decoding=\"async\" src=\"http:\/\/www.centre-reference-muco-nantes.fr\/images\/articles\/ETP.jpg\" alt=\"rencontres education therapeutique\" align=\"left\"> Production quotidienne de 760 repas \u00e9quilibr\u00e9s distribu\u00e9s gratuitement aux plus vuln\u00e9rables \u00e0 Paris. Table ronde : Aur\u00e9lien Troisoeufs PARIS, Jean-Louis Fraysse TOULOUSE, Marie-Christine Llorca AGO Formation, TOULOUSE, Claude Mekies TOULOUSE Sinscrire dans son territoire dexercice, tenir compte des plans r\u00e9gionaux de sant\u00e9, d\u00e9velopper des coop\u00e9rations apr\u00e8s une analyse des besoins, sont des n\u00e9cessaires pr\u00e9alables \u00e0 la mise en place dactions d\u00c9ducation Th\u00e9rapeutique du Patient ETP. Cela requiert bien s\u00fbr de se former, seul et surtout en \u00e9quipe, d acqu\u00e9rir les bases de la connaissance et de la pratique de cette discipline \u00e0 part enti\u00e8re, de savoir \u00e9valuer, \u00e9largir ses actions quelle que soit sa sp\u00e9cialit\u00e9 et son m\u00e9tier. Le Creserc est un centre intersectoriel, dispensant et coordonnant des soins psychiatriques ambulatoires sp\u00e9cifiques pour des personnes en situation de handicap psychique, dans le but de favoriser leur r\u00e9tablissement et leur insertion dans la soci\u00e9t\u00e9. World Health Organization 1998. Therapeutic patient education : continuing education programmes for health care providers in the field of prevention of chronic diseases : report of a WHO working group. Maison Pour Tous Centre Social de la R\u00e9gion de Brienne Le programme sadresse aux patients atteints de rhumatismes inflammatoires chroniques polyarthrite rhumato\u00efde, spondylarthrite, rhumatisme psoriasique notamment. Scl\u00e9rose en plaques : Programme EDUCSEP Ces ateliers se d\u00e9roulent sur 4 demi-journ\u00e9es 9h30-12h et sont regroup\u00e9s ainsi :  .<\/p>\n","protected":false},"excerpt":{"rendered":"<p>rencontres education therapeutique<\/p>\n","protected":false},"author":1,"featured_media":0,"comment_status":"closed","ping_status":"closed","sticky":false,"template":"","format":"standard","meta":{"footnotes":""},"categories":[1],"tags":[],"_links":{"self":[{"href":"https:\/\/zakarybelamy.com\/img\/wp-json\/wp\/v2\/posts\/9225"}],"collection":[{"href":"https:\/\/zakarybelamy.com\/img\/wp-json\/wp\/v2\/posts"}],"about":[{"href":"https:\/\/zakarybelamy.com\/img\/wp-json\/wp\/v2\/types\/post"}],"author":[{"embeddable":true,"href":"https:\/\/zakarybelamy.com\/img\/wp-json\/wp\/v2\/users\/1"}],"replies":[{"embeddable":true,"href":"https:\/\/zakarybelamy.com\/img\/wp-json\/wp\/v2\/comments?post=9225"}],"version-history":[{"count":1,"href":"https:\/\/zakarybelamy.com\/img\/wp-json\/wp\/v2\/posts\/9225\/revisions"}],"predecessor-version":[{"id":9226,"href":"https:\/\/zakarybelamy.com\/img\/wp-json\/wp\/v2\/posts\/9225\/revisions\/9226"}],"wp:attachment":[{"href":"https:\/\/zakarybelamy.com\/img\/wp-json\/wp\/v2\/media?parent=9225"}],"wp:term":[{"taxonomy":"category","embeddable":true,"href":"https:\/\/zakarybelamy.com\/img\/wp-json\/wp\/v2\/categories?post=9225"},{"taxonomy":"post_tag","embeddable":true,"href":"https:\/\/zakarybelamy.com\/img\/wp-json\/wp\/v2\/tags?post=9225"}],"curies":[{"name":"wp","href":"https:\/\/api.w.org\/{rel}","templated":true}]}}