{"id":9289,"date":"2020-10-11T01:12:19","date_gmt":"2020-10-11T01:12:19","guid":{"rendered":"http:\/\/zakarybelamy.com\/img\/?p=9289"},"modified":"2020-10-02T20:06:01","modified_gmt":"2020-10-02T20:06:01","slug":"b2b-rencontre","status":"publish","type":"post","link":"https:\/\/zakarybelamy.com\/img\/2020\/10\/11\/b2b-rencontre\/","title":{"rendered":"B2b Rencontre"},"content":{"rendered":"<p>Conclure. Avez-vous atteint lobjectif? Pouvez-vous allez au-del\u00e0 ne pas se quitter sans avoir r\u00e9pondu dans sa t\u00eate \u00e0 ces questions. Au final, cet interlocuteur nest pas int\u00e9ress\u00e9 par ce dont vous lui parlez? Dans ce cas, peut-il vous indiquer dautres personnes pertinentes \u00e0 rencontrer dans son organisation? Peut-on le contacter de sa part? La relance finale pourra changer lint\u00e9r\u00eat du rendez-vous. Et si, en revanche, le sujet avance bien, ne pas h\u00e9siter \u00e0 proposer explicitement les prochaines \u00e9tapes \u00e0 suivre. Berne, 26.06.2012-Cette semaine se d\u00e9roule \u00e0 Berne une rencontre Business-to-Business B2B r\u00e9unissant Saab ainsi quune trentaine de partenaires industriels internationaux groupe des affaires compensatoires pour le Gripen et lindustrie suisse. Lobjectif de cette rencontre est la concr\u00e9tisation de la participation de lindustrie suisse au programme daffaires compensatoires du Gripen. Visite du Village Francophone des Affaires avec les partenaires de l\u00e9v\u00e9nement Je voudrai r\u00e9silier mon abonnement d\u00e8s aujourdhui et vous demande de restituer mes 209,40 euros que vous avez pr\u00e9lev\u00e9 sur mon compte \u00e0 la banque. Labonnement \u00e9tait de 7euros pour 6 mois et cela arrive \u00e0 inspiration le mois de juin. Resiliez et d\u00e9sactiver mon compte. Alena Ziniakova, Commerciale-export chez Natura-France  <img decoding=\"async\" src=\"http:\/\/www.athenesforum.com\/_uploads\/slider\/1-AthensBusinessForumWind2.jpg\" alt=\"b2b rencontre\" align=\"right\"> La mod\u00e9ration des demandes dans le but doptimiser les rendez-vous et le planning, Je tenais \u00e0 vous f\u00e9liciter et remercier pour cette parfaite organisation de l\u00e9v\u00e9nement. Jai pass\u00e9 deux jours tr\u00e8s enrichissants. Le groupe des participants int\u00e9ressant et convivial. Un superbe moment de networking. Monika Moser Les informations recueillies sont destin\u00e9es \u00e0 CCM Benchmark Group pour vous assurer lenvoi de votre newsletter. Tas limpression d\u00eatre un t\u00e9trapl\u00e9gique qui regarde un 100m grosse frustration! Meetup Open Transport de Nantes-\u00e0 la rencontre des startups et de leur solution B2B logo-webcd logo-mobile logo-infopro logo-desktop logo-desktop.original logo-desktop.bak icon-theme-test icon-social-whatsapp icon-social-twitter icon-social-share icon-social-linkedin icon-social-facebook icon-search icon-search-active icon-my-account icon-home icon-ctrl-chevron-right icon-ctrl-chevron-right-bak icon-ctrl-chevron-left icon-ctrl-arrow-right icon-cart icon-action-close <img decoding=\"async\" src=\"http:\/\/cancermotisys.eu\/img\/41e3b4f3776a574cf1c0d2279fbe10d7.jpg\" alt=\"b2b rencontre\" align=\"right\">  Business France accueille la French Tech et les Rencontres Internationales du B2B Par ailleurs je ne recommande pas ce site. Il y a des profils qui viennent dun autre site, exp\u00e9rience faite. Meesage untel vous \u00e9crit, je regarde que nenni untel \u00e0 juste consult\u00e9 votre profil, etc.  B etwe en sessions of th e Joi nt Commissi on, sec tor al meetings sh oul d be held between.. De d\u00e9velopper votre courant daffaires gr\u00e2ce \u00e0 un planning de rendez-vous personnalis\u00e9, <img decoding=\"async\" src=\"http:\/\/img.ecommercemag.fr\/Img\/BREVE\/2014\/7\/243911\/Rencontre-Miguel-Alava-Amazon-Web-Services-AWS-infrastructure-reseau-est-F.jpg\" alt=\"b2b rencontre\" align=\"left\">.<\/p>\n","protected":false},"excerpt":{"rendered":"<p>b2b rencontre<\/p>\n","protected":false},"author":1,"featured_media":0,"comment_status":"closed","ping_status":"closed","sticky":false,"template":"","format":"standard","meta":{"footnotes":""},"categories":[1],"tags":[],"_links":{"self":[{"href":"https:\/\/zakarybelamy.com\/img\/wp-json\/wp\/v2\/posts\/9289"}],"collection":[{"href":"https:\/\/zakarybelamy.com\/img\/wp-json\/wp\/v2\/posts"}],"about":[{"href":"https:\/\/zakarybelamy.com\/img\/wp-json\/wp\/v2\/types\/post"}],"author":[{"embeddable":true,"href":"https:\/\/zakarybelamy.com\/img\/wp-json\/wp\/v2\/users\/1"}],"replies":[{"embeddable":true,"href":"https:\/\/zakarybelamy.com\/img\/wp-json\/wp\/v2\/comments?post=9289"}],"version-history":[{"count":1,"href":"https:\/\/zakarybelamy.com\/img\/wp-json\/wp\/v2\/posts\/9289\/revisions"}],"predecessor-version":[{"id":9290,"href":"https:\/\/zakarybelamy.com\/img\/wp-json\/wp\/v2\/posts\/9289\/revisions\/9290"}],"wp:attachment":[{"href":"https:\/\/zakarybelamy.com\/img\/wp-json\/wp\/v2\/media?parent=9289"}],"wp:term":[{"taxonomy":"category","embeddable":true,"href":"https:\/\/zakarybelamy.com\/img\/wp-json\/wp\/v2\/categories?post=9289"},{"taxonomy":"post_tag","embeddable":true,"href":"https:\/\/zakarybelamy.com\/img\/wp-json\/wp\/v2\/tags?post=9289"}],"curies":[{"name":"wp","href":"https:\/\/api.w.org\/{rel}","templated":true}]}}