{"id":9649,"date":"2020-10-12T20:40:26","date_gmt":"2020-10-12T20:40:26","guid":{"rendered":"http:\/\/zakarybelamy.com\/img\/?p=9649"},"modified":"2020-10-03T06:19:17","modified_gmt":"2020-10-03T06:19:17","slug":"rencontres-blois-2011","status":"publish","type":"post","link":"https:\/\/zakarybelamy.com\/img\/2020\/10\/12\/rencontres-blois-2011\/","title":{"rendered":"Rencontres Blois 2011"},"content":{"rendered":"<p>P\u00e9nuries sur le march\u00e9 de lemploi en p\u00e9riode de ch\u00f4mage 33 2 54 51 51 54 ce.0410899eac-orleans-tours.fr Avec Gabrielle Vigouroux, Pauline Pr\u00e9vost de Blois, Claire Delmas, Benjamin Zana, Alexandre Cattez, Paris <img decoding=\"async\" src=\"http:\/\/www.happiness.fordstorecredit.com\/uploads\/articles\/recadrage\/classique_julien_creuze.jpg\" alt=\"rencontres blois 2011\" align=\"center\"> Ce site cr\u00e9\u00e9 en 2001 est anim\u00e9 b\u00e9n\u00e9volement par des m\u00e9decins du travail et des pr\u00e9venteurs en sant\u00e9 au travail regroup\u00e9s en une association ind\u00e9pendante. Son objectif principal est de mettre en commun des fiches de m\u00e9tiers et des fiches de risques professionnels. Toutes les personnes qui se sentent concern\u00e9es par la sant\u00e9 et la s\u00e9curit\u00e9 au travail peuvent participer \u00e0 la vie du site par leurs remarques et suggestions. Concernant le retour, je ne comprend pas bien le d\u00e9part de austerlitz \u00e0 16h27, vous connaissez beaucoup de gens qui finissent \u00e0 15h45? cest vraiment du nimporte quoi sachant que le prochain d\u00e9part est 1h apr\u00e8s? <img decoding=\"async\" src=\"http:\/\/www.arvidvandersson.tk\/Public\/Files\/perfume\/insolite_26f68bfe6a.jpg\" alt=\"rencontres blois 2011\" align=\"left\"> R\u00e9union dinformation collective pour porteurs de projets  Avec ce texte, qui est pour R\u00e9gine Maire r\u00e9volutionnaire, lEglise \u00e9nonce quelle na de sens que si elle est pour le monde moyen dunit\u00e9 et croissance de lamour. Un texte o\u00f9 aucune condamnation nappara\u00eet mais o\u00f9 lon sent le soucis des p\u00e8res conciliaires dunit\u00e9 pour le monde. Avant Vatican II, lhistoire de lEglise est souvent trouble: guerres de religions en France, croisades, etc. Cette histoire nest cependant pas uniforme, elle est pass\u00e9e par des moments douverture et de fermeture. LOrient est le meilleur des rep\u00e8res puisque que cest l\u00e0 o\u00f9 le soleil se l\u00e8ve. Jadis les cartes le prenaient comme orientation. Le terme Orient devient courant \u00e0 l\u00e9poque romaine, mais cest avant tout un Orient hell\u00e9nis\u00e9. Pour les esprits conservateurs romains, est oriental ce qui est diff\u00e9rent, voire contraire, \u00e0 la religion et aux moeurs romaines traditionnelles. La division de lEmpire romain en Occident et Orient \u00e0 partir de Constantin sest faite essentiellement entre parties de langue latine et parties de langue grecque. Au Moyen-\u00c2ge, la th\u00e9ologie et la mystique chr\u00e9tienne fondent la confusion entre oriens, origo origine et oratio pri\u00e8re. LOrient est le si\u00e8ge du paradis, le t\u00e9moin de la vie du Christ, le lieu o\u00f9 d\u00e9bute le cosmos avec le mouvement du ciel, laxe du monde et de l\u00c9glise. Pur produit du centre de formation rouennais, Carl a fait ses armes avec les diff\u00e9rents coaches pass\u00e9s par Rouen mais cest avec Alexandre M\u00e9nard quil explose   Pour illustrer le th\u00e8me de l\u00e9dition 2011 lOrient de nombreuses conf\u00e9rences et d\u00e9bats sont organis\u00e9es pendant ces trois jours. Dautres sujet sont abord\u00e9s comme La guerre des mondes : Organisations internationales et gouvernance mondiale, V\u00e8me r\u00e9publique : La crise permanente, \u00e9crire et enseigner lhistoire \u00e0 l\u00e8re num\u00e9rique : quels changements, la gauche et le temps libre Exposition Carnets dOrient radio-france Zoom sur Pr\u00e9sentation du Premier Barom\u00e8tre de la concertation et de la d\u00e9cision publique. Le paysage changeant de la science: d\u00e9fis et opportunit\u00e9s Caf\u00e9 historique sur la R\u00e9volution russe avec Jean-Pierre Gibrat Grand Boum 2010 et auteur de Matt\u00e9oet Sophie Coeur\u00e9, professeur Le probl\u00e9me nest donc pas r\u00e9solu et par respect pour Yann je ne fais aucun commentaire! Avec Monique Cerisier-Ben Guiga, s\u00e9natrice honoraire, Jean-Claude Lefort, d\u00e9put\u00e9 honoraire, pr\u00e9sident de lAFPS. Je pr\u00e9f\u00e8re de loin le cross dailleurs la p\u00e9riode hivernale est ma pr\u00e9f\u00e9r\u00e9e mais jaime aussi la route. <img decoding=\"async\" src=\"http:\/\/happiness.fordstorecredit.com\/uploads\/articles\/recadrage\/classique_Image1.jpg\" alt=\"rencontres blois 2011\" align=\"right\"> Collectivit\u00e9s et foncier agricole, quelles solutions pour favoriser lacc\u00e8s \u00e0 la terre dans nos territoires? D\u00e9couverte professionnelle : salon des outils p\u00e9dagogiques Travailler autrement : quelle place pour les jeunes dans lEconomie sociale? 03 et 04 f\u00e9vrier 2011 STUDIUM CONFERENCES lEurope et les Balkans : probl\u00e8mes \u00e9conomiques, d\u00e9fis et solutions, Europe and the Balkans : Economic Integration, Challenges and Solutions Le secr\u00e9tariat du club ferm\u00e9 ce Mercredi 16 Octobre Dautre part, les horaires que nous communiquons depuis le 26 septembre dernier concernent les seuls trains pour lesquels nous avons re\u00e7u une confirmation de sillons horaires de la part de RFF. Sur plusieurs lignes TER Centre, des demandes sont en cours dinstruction entre les parties et seront confirm\u00e9es au fur et \u00e0 mesure.<\/p>\n","protected":false},"excerpt":{"rendered":"<p>rencontres blois 2011<\/p>\n","protected":false},"author":1,"featured_media":0,"comment_status":"closed","ping_status":"closed","sticky":false,"template":"","format":"standard","meta":{"footnotes":""},"categories":[1],"tags":[],"_links":{"self":[{"href":"https:\/\/zakarybelamy.com\/img\/wp-json\/wp\/v2\/posts\/9649"}],"collection":[{"href":"https:\/\/zakarybelamy.com\/img\/wp-json\/wp\/v2\/posts"}],"about":[{"href":"https:\/\/zakarybelamy.com\/img\/wp-json\/wp\/v2\/types\/post"}],"author":[{"embeddable":true,"href":"https:\/\/zakarybelamy.com\/img\/wp-json\/wp\/v2\/users\/1"}],"replies":[{"embeddable":true,"href":"https:\/\/zakarybelamy.com\/img\/wp-json\/wp\/v2\/comments?post=9649"}],"version-history":[{"count":1,"href":"https:\/\/zakarybelamy.com\/img\/wp-json\/wp\/v2\/posts\/9649\/revisions"}],"predecessor-version":[{"id":9650,"href":"https:\/\/zakarybelamy.com\/img\/wp-json\/wp\/v2\/posts\/9649\/revisions\/9650"}],"wp:attachment":[{"href":"https:\/\/zakarybelamy.com\/img\/wp-json\/wp\/v2\/media?parent=9649"}],"wp:term":[{"taxonomy":"category","embeddable":true,"href":"https:\/\/zakarybelamy.com\/img\/wp-json\/wp\/v2\/categories?post=9649"},{"taxonomy":"post_tag","embeddable":true,"href":"https:\/\/zakarybelamy.com\/img\/wp-json\/wp\/v2\/tags?post=9649"}],"curies":[{"name":"wp","href":"https:\/\/api.w.org\/{rel}","templated":true}]}}