{"id":9679,"date":"2020-10-12T16:36:07","date_gmt":"2020-10-12T16:36:07","guid":{"rendered":"http:\/\/zakarybelamy.com\/img\/?p=9679"},"modified":"2020-10-03T06:57:02","modified_gmt":"2020-10-03T06:57:02","slug":"tag-qc-rencontre","status":"publish","type":"post","link":"https:\/\/zakarybelamy.com\/img\/2020\/10\/12\/tag-qc-rencontre\/","title":{"rendered":"Tag Qc Rencontre"},"content":{"rendered":"<p>\u00c9coutez d\u00e8s aujourdhui nos conseill\u00e8res vous r\u00e9v\u00e9ler les petits plus qui rendront votre recherche demploi efficace et gagnante. Une enqu\u00eate ethnographique en France et au Qu\u00e9bec men\u00e9e par Jo\u00eblle Magar-Braeuner.  Dans le cadre de lop\u00e9ration TAG, les propri\u00e9taires dimmeubles et les groupes de citoyens de larrondissement int\u00e9ress\u00e9s peuvent contacter Pro-Vert Sud-Ouest pour des m\u00e9thodes peu co\u00fbteuses de pr\u00e9vention de graffitis : plantes grimpantes, arbustes et bo\u00eetes \u00e0 fleurs. Nh\u00e9site pas \u00e0 nous rejoindre \ufe0f voici votre ticket dentr\u00e9 \ufe0f : https:discord.ggR46hGBq <img decoding=\"async\" src=\"http:\/\/cdn.purple.fr\/65aff2e9c7ed5d7c90c1ea318a926e1f\/static.purple.fr\/2015\/06\/poit4-BMAP-249x300.jpg\/300x300\/poit4-BMAP-249x300.jpg\" alt=\"tag qc rencontre\" align=\"right\"> This will be the end of your profile link, for example: Les \u00e9missions sont gracieusement partag\u00e9es, cependant elles demeurent la propri\u00e9t\u00e9 exclusive de Yannick Petit. Habiter, cest bien plus que se loger : cest sinscrire dans une r\u00e9alit\u00e9 diff\u00e9rente pour chacun, cest un mode de vie, qui touche \u00e0 la fois \u00e0 lintime et au collectif. Habite-t-on un lieu, un pays ou le monde? Choisit-on toujours o\u00f9 lon veut habiter? Le fait-on par raison ou par \u00e9motion? Seul ou avec dautres? Les grandes mutations urbaines des XXe et XXIe si\u00e8cles bousculent les pratiques traditionnelles, tout comme le font aussi les aspirations nouvelles \u00e0 des formes plus respectueuses de lenvironnement. Et que vivent ceux qui habitent mal ou nhabitent nulle part? R\u00e9ponses cette semaine. Lorganisation de rencontres en milieu scolaire. Terme employ\u00e9 pour <img decoding=\"async\" src=\"http:\/\/www.rczbikeshop.com\/media\/wysiwyg\/2006_claudie_slider_FOX.jpg\" alt=\"tag qc rencontre\" align=\"right\"> Le Centre de la Francophonie des Am\u00e9riques CFA a \u00e9t\u00e9 cr\u00e9\u00e9 en 2008 apr\u00e8s quune loi soit adopt\u00e9e par lAssembl\u00e9e G\u00e9n\u00e9rale du Qu\u00e9bec pour l\u00e9tablissement du Centre. Ce mois-ci chez Futuropolis,on vous secoue musicalement avec The Four roses du rocknroll duo BaruJano, on vous bouscule avec Confidences \u00e0 Allah, dEddy Simon et Marie Avril, on vous balade po\u00e9tiquement avec Au-del\u00e0 des mers de Kokor et on vous transporte au S\u00e9n\u00e9gal et au Qu\u00e9bec avec Le Landais volant de Nicolas Dumontheuil! <img decoding=\"async\" src=\"http:\/\/wakefield.ca\/wp-content\/uploads\/2013\/01\/Barry-Schwerdfeger-Photo.jpg\" alt=\"tag qc rencontre\" align=\"right\">  Apr\u00e8s notre visite de Montr\u00e9al et de Qu\u00e9bec City, les deux principales villes du Qu\u00e9bec, nous mourrions denvie de nous retrouver dans la nature raison premi\u00e8re de notre venue avec le sirop d\u00e9rable bien s\u00fbr. Nous avons donc d\u00e9cid\u00e9 de nous rendre dans le Parc National de la Jacques-Cartier pour profiter, \u00e0 pieds, des L\u00e9crivain Eliette Ab\u00e9cassis vient de publier Alyah, un roman sur la tentation du d\u00e9part de France. Rencontre All you need to do is to copy t h e embed c o de from the gallery and insert it into your blog or in your website, wherever you want to show the album. Heureusement, notre compr\u00e9hension de la nature et du traitement du TAG a grandement \u00e9volu\u00e9 au cours des quinze derni\u00e8res ann\u00e9es. Mais malgr\u00e9 les cons\u00e9quences n\u00e9fastes du TAG sur la qualit\u00e9 de vie g\u00e9n\u00e9rale, encore trop peu de personnes aux prises avec ce trouble sont ad\u00e9quatement d\u00e9pist\u00e9es et se voient offrir un traitement efficace valid\u00e9. Dans cette formation, les participants pourront approfondir leur connaissance des processus cognitifs et des facteurs de maintien propres \u00e0 ce trouble et d\u00e9couvriront les principaux modules de la th\u00e9rapie cognitive comportementale TCC du TAG. Outre son volet th\u00e9orique, cette formation vise \u00e0 mieux outiller les professionnels de la sant\u00e9 qui travaillent aupr\u00e8s de cette client\u00e8le en leur enseignant comment proc\u00e9der concr\u00e8tement, pas \u00e0 pas, \u00e0 la mise en application des strat\u00e9gies cognitives comportementales actuellement utilis\u00e9es et valid\u00e9es dans le traitement du TAG. Une attention particuli\u00e8re sera accord\u00e9e au mod\u00e8le de traitement propos\u00e9 par l\u00e9quipe de Dugas, Freeston et Ladouceur, ainsi qu\u00e0 certaines strat\u00e9gies dintervention issues de la 3e vague de la TCC. LIEU : bureau du SOIT 275, rue du parvis, 3\u00e8me \u00e9tage, bureau 300 Qu\u00e9bec G1K 6G7 .<\/p>\n","protected":false},"excerpt":{"rendered":"<p>tag qc rencontre<\/p>\n","protected":false},"author":1,"featured_media":0,"comment_status":"closed","ping_status":"closed","sticky":false,"template":"","format":"standard","meta":{"footnotes":""},"categories":[1],"tags":[],"_links":{"self":[{"href":"https:\/\/zakarybelamy.com\/img\/wp-json\/wp\/v2\/posts\/9679"}],"collection":[{"href":"https:\/\/zakarybelamy.com\/img\/wp-json\/wp\/v2\/posts"}],"about":[{"href":"https:\/\/zakarybelamy.com\/img\/wp-json\/wp\/v2\/types\/post"}],"author":[{"embeddable":true,"href":"https:\/\/zakarybelamy.com\/img\/wp-json\/wp\/v2\/users\/1"}],"replies":[{"embeddable":true,"href":"https:\/\/zakarybelamy.com\/img\/wp-json\/wp\/v2\/comments?post=9679"}],"version-history":[{"count":1,"href":"https:\/\/zakarybelamy.com\/img\/wp-json\/wp\/v2\/posts\/9679\/revisions"}],"predecessor-version":[{"id":9680,"href":"https:\/\/zakarybelamy.com\/img\/wp-json\/wp\/v2\/posts\/9679\/revisions\/9680"}],"wp:attachment":[{"href":"https:\/\/zakarybelamy.com\/img\/wp-json\/wp\/v2\/media?parent=9679"}],"wp:term":[{"taxonomy":"category","embeddable":true,"href":"https:\/\/zakarybelamy.com\/img\/wp-json\/wp\/v2\/categories?post=9679"},{"taxonomy":"post_tag","embeddable":true,"href":"https:\/\/zakarybelamy.com\/img\/wp-json\/wp\/v2\/tags?post=9679"}],"curies":[{"name":"wp","href":"https:\/\/api.w.org\/{rel}","templated":true}]}}