{"id":9907,"date":"2020-10-12T16:14:07","date_gmt":"2020-10-12T16:14:07","guid":{"rendered":"http:\/\/zakarybelamy.com\/img\/?p=9907"},"modified":"2020-10-03T14:07:09","modified_gmt":"2020-10-03T14:07:09","slug":"rencontre-des-musulmans-de-france-2013-lille","status":"publish","type":"post","link":"https:\/\/zakarybelamy.com\/img\/2020\/10\/12\/rencontre-des-musulmans-de-france-2013-lille\/","title":{"rendered":"Rencontre Des Musulmans De France 2013 Lille"},"content":{"rendered":"<p>S\u00e9ance-d\u00e9bat autour du film LHermine de Christian Vincent, en pr\u00e9sence du r\u00e9alisateur \u00e0 20H30. <img decoding=\"async\" src=\"http:\/\/www.editions-harmattan.fr\/catalogue\/couv\/9782343065199v.jpg\" alt=\"rencontre des musulmans de france 2013 lille\" align=\"right\"> Dans une lettre ouverte, publi\u00e9e en septembre 2013, Mgr Claude Dagens, \u00e9v\u00eaque dAngoul\u00eame, exhorte \u00e0 d\u00e9passer lattitude de lamentation ou dagressivit\u00e9 de certains catholiques. A la suite du Pape Fran\u00e7ois, il appelle de ses v\u0153ux une Eglise capable de r\u00e9chauffer le c\u0153ur et invite \u00e0 red\u00e9couvrir le geste du lavement des pieds. Sculptures sur bois, dorures \u00e0 la feuille dor. Restauration de cadres et miroirs anciens. Sofiane Meziani, lun des professeurs d\u00e9thique musulmane dAverro\u00e8s, reconna\u00eet sa proximit\u00e9 avec Hassan Iquioussen. Amar Lasfar assume son amiti\u00e9 avec lui. On retrouve nombre de ses discours et i Un site qui diffuse abondamment la pens\u00e9e des Fr\u00e8res musulmans les plus radicaux et saffiche en soutien fervent du lyc\u00e9e Averro\u00e8s en diffusant la p\u00e9tition de soutien \u00e0 l\u00e9ta.NDLR : Il a \u00e9t\u00e9 impossible de mettre sur dailymotion ce document avec le titre : La strat\u00e9gie du ministre de lint\u00e9rieur. Une contrainte technique sans doute. <img decoding=\"async\" src=\"http:\/\/merchworldy.cf\/images\/images\/Colombie_Mariage_Trois_Artistespress\/Accueil_Colombie_Mariage_Trois_Artistesress.jpg\" alt=\"rencontre des musulmans de france 2013 lille\" align=\"left\"> Appartement r\u00e9nov\u00e9 dans la maison des propri\u00e9taires situ\u00e9 en rez de villa, face \u00e0 la piscine, dans un jardin c.. Pour mieux comprendre les discriminations auxquelles font face les personnes racis\u00e9es au quotidien et les cons\u00e9quences sur leurs vies. 234 s\u00e9ances exceptionnelles o\u00f9 12 700 personnes ont pu \u00e9changer et d\u00e9battre autour dune \u0153uvre cin\u00e9matographique Charmant studio compos\u00e9 dune cuisine \u00e9quip\u00e9e et dun coin repas, dune salle deau, et dune chambre avec.. S\u00e9ance d\u00e9bat autour du film Timbuktu de Abderrahmane Sissako \u00e0 19H30.  Les?? ont ils quelque chose \u00e0 faire \u00e0??, ni \u00e0???, ni o\u00f9 que ce soit dans le monde! Que diraient-ils-que diriez-vous-si les???s, si les????s, si les???s venaient faire la police \u00e0??? ou \u00e0???? La Rencontre annuelle des musulmans de France souvre sur fond de discorde, Le Monde, 25 mars 2005, consult\u00e9 le 25 janvier 2019 Rencontre avec le conteur Jean Marc Massie, dans le cadre des activit\u00e9s litt\u00e9raires r\u00e9gionales, en collaboration avec Clair de Lune Il ny aurait pas de racisme \u00e0 l\u00e9gard des Noirs en France?? \u03ba\u03c4\u03b7\u03bc\u03b1\u03c4\u03b1 \u03b4\u03b5\u03be\u03b9\u03c9\u03c3\u03b5\u03c9\u03bd \u03c7\u03b1\u03bd\u03b9\u03b1 \u03b1\u03c0\u03b1\u03b3\u03bf\u03c1\u03b5\u03c5\u03bf\u03bd\u03c4\u03b1\u03b9 \u03c4\u03b1 \u03c3\u03ba\u03c5\u03bb\u03b9\u03b1 \u03c3\u03c4\u03b9\u03c2 \u03ba\u03b1\u03c6\u03b5\u03c4\u03b5\u03c1\u03b9\u03b5\u03c2 \u03c4\u03bf\u03bc\u03c5 \u03c7\u03b1\u03bd\u03b9\u03b1 \u03c1\u03b1\u03bd\u03c4\u03b5\u03b2\u03bf\u03c5 99,00 Availability: \u03b5\u03bc\u03b2\u03bf\u03bb\u03b9\u03bf \u03ba\u03b1\u03bb\u03b1\u03b6\u03b1\u03c1 \u03b1\u03c0\u03bf\u03c4\u03b5\u03bb\u03b5\u03c3\u03bc\u03b1\u03c4\u03b9\u03ba\u03bf\u03c4\u03b7\u03c4\u03b1 \u0391\u03bc\u03b5\u03c3\u03b1 \u03b4\u03b9\u03b1\u03b8\u03ad\u03c3\u03b9\u03bc\u03bf Les Fr\u00e8res Musulmans tentent une OPA sur les musulmans en France UFAL Communications dans des colloques ou journ\u00e9es d\u00e9tudes internationaux : Plein air du film La Famille B\u00e9lier dEric Lartigau \u00e0 partir de 22H30. Une animation fond vert aura lieu de 18H \u00e0 22H. F\u00eate de la musique avec la participation de la chorale de Burbure \u03a4\u03bf \u03c0\u03b1\u03b9\u03b4\u03af \u03c9\u03c2 \u03b4\u03b7\u03bc\u03b9\u03bf\u03c5\u03c1\u03b3\u03cc\u03c2 \u03ba\u03b1\u03b9 \u03b4\u03b9\u03ba\u03b1\u03b9\u03bf\u03cd\u03c7\u03bf\u03c2 \u03c0\u03bd\u03b5\u03c5\u03bc\u03b1\u03c4\u03b9\u03ba\u03ce\u03bd \u03b4\u03b9\u03ba\u03b1\u03b9\u03c9\u03bc\u03ac\u03c4\u03c9\u03bd  Voici un exemple des fantasmes islamophobes : les piscines dont des plages horaires auraient \u00e9t\u00e9 r\u00e9serv\u00e9es exclusivement \u00e0 des femmes musulmanes. Les femmes non musulmanes et les hommes en \u00e9tant \u00e9videmment exclues. LES SANS-PAPIERS SOUS LES FEN\u00caTRES DE VALLS-LUNDI 14 JANVIER 2013-PARIS  Premiers signataires : Dr Karim Bedar, m\u00e9decin-Dr Pascal Boissel psychiatre-Khira BOUGHAZI, infirmi\u00e8re-Dr M. Briffod, M\u00e9decin hospitalier retrait\u00e9-Th\u00e9r\u00e8se-Marie Cardon, ex infirmi\u00e8re au CHR de Lille-Magali Chelali aide soignante au CH de Valenciennes-Agn\u00e8s Cluzel infirmi\u00e8re CMS MRAP-Dr Jean Cooren, psychiatre, Lille-Dr Paule Cooren-Delmas, P\u00e9diatre Lille-Pierre Couchard-C\u00e9line Dallery, infirmi\u00e8re-Thierry Daviaud, infirmier. <img decoding=\"async\" src=\"http:\/\/scwrie.gq\/upload\/news\/first\/5b463673a534e3.89830299.png\" alt=\"rencontre des musulmans de france 2013 lille\" align=\"right\">.<\/p>\n","protected":false},"excerpt":{"rendered":"<p>rencontre des musulmans de france 2013 lille<\/p>\n","protected":false},"author":1,"featured_media":0,"comment_status":"closed","ping_status":"closed","sticky":false,"template":"","format":"standard","meta":{"footnotes":""},"categories":[1],"tags":[],"_links":{"self":[{"href":"https:\/\/zakarybelamy.com\/img\/wp-json\/wp\/v2\/posts\/9907"}],"collection":[{"href":"https:\/\/zakarybelamy.com\/img\/wp-json\/wp\/v2\/posts"}],"about":[{"href":"https:\/\/zakarybelamy.com\/img\/wp-json\/wp\/v2\/types\/post"}],"author":[{"embeddable":true,"href":"https:\/\/zakarybelamy.com\/img\/wp-json\/wp\/v2\/users\/1"}],"replies":[{"embeddable":true,"href":"https:\/\/zakarybelamy.com\/img\/wp-json\/wp\/v2\/comments?post=9907"}],"version-history":[{"count":1,"href":"https:\/\/zakarybelamy.com\/img\/wp-json\/wp\/v2\/posts\/9907\/revisions"}],"predecessor-version":[{"id":9908,"href":"https:\/\/zakarybelamy.com\/img\/wp-json\/wp\/v2\/posts\/9907\/revisions\/9908"}],"wp:attachment":[{"href":"https:\/\/zakarybelamy.com\/img\/wp-json\/wp\/v2\/media?parent=9907"}],"wp:term":[{"taxonomy":"category","embeddable":true,"href":"https:\/\/zakarybelamy.com\/img\/wp-json\/wp\/v2\/categories?post=9907"},{"taxonomy":"post_tag","embeddable":true,"href":"https:\/\/zakarybelamy.com\/img\/wp-json\/wp\/v2\/tags?post=9907"}],"curies":[{"name":"wp","href":"https:\/\/api.w.org\/{rel}","templated":true}]}}